{"id":2205,"date":"2026-07-24T18:56:29","date_gmt":"2026-07-24T18:56:29","guid":{"rendered":"https:\/\/blog.yerenews.com\/?p=2205"},"modified":"2026-07-24T19:02:00","modified_gmt":"2026-07-24T19:02:00","slug":"michelle-obama-rindio-un-emotivo-homenaje-a-su-difunta-madre-en-las-redes-sociales-describiendola-como-mi-roca-y-recordando-el-amor-y-el-apoyo-inquebrantables-que-le-brindo-a-lo-largo-de","status":"publish","type":"post","link":"https:\/\/blog.yerenews.com\/?p=2205","title":{"rendered":"Michelle Obama rindi\u00f3 un emotivo homenaje a su difunta madre en las redes sociales, describi\u00e9ndola como \u00abmi roca\u00bb y recordando el amor y el apoyo inquebrantables que le brind\u00f3 a lo largo de toda su vida.En su mensaje, Michelle escribi\u00f3 que su madre siempre estuvo a su lado cuando m\u00e1s la necesit\u00f3, ofreciendo la misma estabilidad, el mismo aliento y el mismo cari\u00f1o a cada uno de los miembros de su familia."},"content":{"rendered":"\n<p>La ex primera dama <strong>Michelle Obama<\/strong> comparti\u00f3 recientemente un emotivo homenaje dedicado a su madre fallecida, record\u00e1ndola como el pilar de su familia y la persona que siempre le brind\u00f3 amor, fortaleza y apoyo incondicional. En un mensaje lleno de sentimiento, Michelle expres\u00f3 cu\u00e1nto signific\u00f3 su madre para ella a lo largo de su vida, describi\u00e9ndola como <strong>\u00abmi roca\u00bb<\/strong> y confesando el profundo vac\u00edo que su partida ha dejado en toda la familia.<\/p>\n\n\n\n<p>El expresidente <strong>Barack Obama<\/strong> tambi\u00e9n quiso rendir tributo a su suegra con unas palabras cargadas de cari\u00f1o. La describi\u00f3 como una mujer extraordinaria cuya generosidad, sabidur\u00eda y bondad dejaron una huella imborrable en todos los que tuvieron la oportunidad de conocerla. A\u00f1adi\u00f3 que su familia se siente profundamente agradecida por haber compartido tantos a\u00f1os a su lado y que continuar\u00e1 honrando su memoria viviendo de acuerdo con los valores que ella les transmiti\u00f3.<\/p>\n\n\n\n<h3 class=\"wp-block-heading\">Traducci\u00f3n y recursos<\/h3>\n\n\n\n<p>Nacida en 1937 con el nombre de <strong>Marian Shields<\/strong>, contrajo matrimonio con <strong>Fraser Robinson III<\/strong>, veterano de la Segunda Guerra Mundial y durante muchos a\u00f1os empleado del servicio de aguas de Chicago. Juntos criaron a Michelle y a su hermano Craig en una modesta vivienda situada en el South Side de Chicago, inculc\u00e1ndoles la importancia de la familia, el trabajo duro, la educaci\u00f3n y la honestidad, principios que marcaron profundamente sus vidas.<\/p>\n\n\n\n<p>Mientras tanto, al otro lado del Atl\u00e1ntico, la atenci\u00f3n p\u00fablica contin\u00faa centrada en el <strong>rey Carlos III<\/strong>, quien sigue recibiendo tratamiento m\u00e9dico. Aunque el Palacio de Buckingham ha ofrecido pocos detalles sobre su estado de salud, diversas fuentes aseguran que la <strong>princesa Ana<\/strong> ha permanecido a su lado como uno de sus mayores apoyos durante este complicado per\u00edodo.<\/p>\n\n\n\n<h3 class=\"wp-block-heading\">Embarazo y maternidad<\/h3>\n\n\n\n<p>Reconocida por su fuerte sentido del deber y su car\u00e1cter discreto pero firme, la princesa Ana ha mantenido siempre una relaci\u00f3n muy cercana con el monarca. A lo largo de los a\u00f1os ha demostrado una dedicaci\u00f3n constante tanto a la familia real como al servicio p\u00fablico, gan\u00e1ndose el respeto de muchos brit\u00e1nicos por su compromiso, responsabilidad y capacidad de trabajo.<\/p>\n\n\n\n<p>Aunque a\u00fan no se conocen todos los detalles sobre la evoluci\u00f3n del tratamiento del rey, la presencia constante de la princesa Ana vuelve a poner de manifiesto el estrecho v\u00ednculo que existe entre ambos hermanos. Su decisi\u00f3n de permanecer a su lado refleja la lealtad, el compromiso y el sentido del deber que siempre han definido su papel dentro de la familia real.<\/p>\n","protected":false},"excerpt":{"rendered":"La ex primera dama Michelle Obama comparti\u00f3 recientemente un emotivo homenaje dedicado a su madre fallecida, record\u00e1ndola como el pilar de su familia \n<a class=\"moretag\" href=\"https:\/\/blog.yerenews.com\/?p=2205\"> [...]<\/a>","protected":false},"author":2,"featured_media":2206,"comment_status":"open","ping_status":"open","sticky":false,"template":"","format":"standard","meta":{"_uag_custom_page_level_css":"","footnotes":""},"categories":[1],"tags":[],"class_list":["post-2205","post","type-post","status-publish","format-standard","has-post-thumbnail","hentry","category-uncategorized"],"uagb_featured_image_src":{"full":["https:\/\/blog.yerenews.com\/wp-content\/uploads\/2026\/07\/asfafdasd.webp",302,165,false],"thumbnail":["https:\/\/blog.yerenews.com\/wp-content\/uploads\/2026\/07\/asfafdasd-150x150.webp",150,150,true],"medium":["https:\/\/blog.yerenews.com\/wp-content\/uploads\/2026\/07\/asfafdasd-300x164.webp",300,164,true],"medium_large":["https:\/\/blog.yerenews.com\/wp-content\/uploads\/2026\/07\/asfafdasd.webp",302,165,false],"large":["https:\/\/blog.yerenews.com\/wp-content\/uploads\/2026\/07\/asfafdasd.webp",302,165,false],"1536x1536":["https:\/\/blog.yerenews.com\/wp-content\/uploads\/2026\/07\/asfafdasd.webp",302,165,false],"2048x2048":["https:\/\/blog.yerenews.com\/wp-content\/uploads\/2026\/07\/asfafdasd.webp",302,165,false],"featured-slider":["https:\/\/blog.yerenews.com\/wp-content\/uploads\/2026\/07\/asfafdasd.webp",302,165,false],"featured":["https:\/\/blog.yerenews.com\/wp-content\/uploads\/2026\/07\/asfafdasd.webp",302,165,false],"small-thumb":["https:\/\/blog.yerenews.com\/wp-content\/uploads\/2026\/07\/asfafdasd-120x85.webp",120,85,true]},"uagb_author_info":{"display_name":"admin","author_link":"https:\/\/blog.yerenews.com\/?author=2"},"uagb_comment_info":0,"uagb_excerpt":"La ex primera dama Michelle Obama comparti\u00f3 recientemente un emotivo homenaje dedicado a su madre fallecida, record\u00e1ndola como el pilar de su familia","_links":{"self":[{"href":"https:\/\/blog.yerenews.com\/index.php?rest_route=\/wp\/v2\/posts\/2205","targetHints":{"allow":["GET"]}}],"collection":[{"href":"https:\/\/blog.yerenews.com\/index.php?rest_route=\/wp\/v2\/posts"}],"about":[{"href":"https:\/\/blog.yerenews.com\/index.php?rest_route=\/wp\/v2\/types\/post"}],"author":[{"embeddable":true,"href":"https:\/\/blog.yerenews.com\/index.php?rest_route=\/wp\/v2\/users\/2"}],"replies":[{"embeddable":true,"href":"https:\/\/blog.yerenews.com\/index.php?rest_route=%2Fwp%2Fv2%2Fcomments&post=2205"}],"version-history":[{"count":2,"href":"https:\/\/blog.yerenews.com\/index.php?rest_route=\/wp\/v2\/posts\/2205\/revisions"}],"predecessor-version":[{"id":2208,"href":"https:\/\/blog.yerenews.com\/index.php?rest_route=\/wp\/v2\/posts\/2205\/revisions\/2208"}],"wp:featuredmedia":[{"embeddable":true,"href":"https:\/\/blog.yerenews.com\/index.php?rest_route=\/wp\/v2\/media\/2206"}],"wp:attachment":[{"href":"https:\/\/blog.yerenews.com\/index.php?rest_route=%2Fwp%2Fv2%2Fmedia&parent=2205"}],"wp:term":[{"taxonomy":"category","embeddable":true,"href":"https:\/\/blog.yerenews.com\/index.php?rest_route=%2Fwp%2Fv2%2Fcategories&post=2205"},{"taxonomy":"post_tag","embeddable":true,"href":"https:\/\/blog.yerenews.com\/index.php?rest_route=%2Fwp%2Fv2%2Ftags&post=2205"}],"curies":[{"name":"wp","href":"https:\/\/api.w.org\/{rel}","templated":true}]}}