{"id":2334,"date":"2026-08-01T14:18:59","date_gmt":"2026-08-01T14:18:59","guid":{"rendered":"https:\/\/blog.yerenews.com\/?p=2334"},"modified":"2026-08-01T14:19:00","modified_gmt":"2026-08-01T14:19:00","slug":"historia-completa-diez-anos-despues-de-que-mi-familia-me-diera-la-espalda-por-convertirme-en-medica-militar-regrese-a-mi-ciudad-natal-para-asistir-al-funeral-de-mi-abuelo","status":"publish","type":"post","link":"https:\/\/blog.yerenews.com\/?p=2334","title":{"rendered":"Historia completa: Diez a\u00f1os despu\u00e9s de que mi familia me diera la espalda por convertirme en m\u00e9dica militar, regres\u00e9 a mi ciudad natal para asistir al funeral de mi abuelo."},"content":{"rendered":"\n<p>Diez a\u00f1os despu\u00e9s de marcharme de casa para convertirme en enfermera militar, regres\u00e9 a mi ciudad natal para asistir al funeral de mi abuelo. Cre\u00eda que aquel viaje ser\u00eda \u00fanicamente una oportunidad para despedirme de \u00e9l por \u00faltima vez. Nunca imagin\u00e9 que ese d\u00eda cambiar\u00eda por completo la imagen que ten\u00eda de mi propia familia.<\/p>\n\n\n\n<p>Durante la reuni\u00f3n organizada despu\u00e9s del funeral, mi padre observ\u00f3 mi uniforme y, con una sonrisa llena de sarcasmo, coment\u00f3:<\/p>\n\n\n\n<p><strong>\u2014\u00bfTodav\u00eda sigues usando ese uniforme?<\/strong><\/p>\n\n\n\n<p>Prefer\u00ed no responder.<\/p>\n\n\n\n<p>Los a\u00f1os de servicio me hab\u00edan ense\u00f1ado que, en muchas ocasiones, el silencio tiene m\u00e1s fuerza que cualquier discusi\u00f3n.<\/p>\n\n\n\n<p>El sal\u00f3n estaba lleno de familiares, antiguos compa\u00f1eros de armas y amigos que hab\u00edan acudido para rendir homenaje al general Marcus Vance, un hombre admirado por su honor, su disciplina y su dedicaci\u00f3n al pa\u00eds.<\/p>\n\n\n\n<p>Pocos minutos despu\u00e9s lleg\u00f3 un alto funcionario del Ministerio de Defensa.<\/p>\n\n\n\n<p>Para sorpresa de todos, cruz\u00f3 la sala directamente hacia donde yo estaba.<\/p>\n\n\n\n<p>Se detuvo frente a m\u00ed y me estrech\u00f3 la mano.<\/p>\n\n\n\n<p><strong>\u2014Coronel Vance, es un honor volver a verla.<\/strong><\/p>\n\n\n\n<figure class=\"wp-block-image size-large\"><img loading=\"lazy\" decoding=\"async\" width=\"768\" height=\"1024\" src=\"https:\/\/blog.yerenews.com\/wp-content\/uploads\/2026\/08\/Military-funeral-memorial-scene-admiral-saluting-widow-768x1024.png\" alt=\"\" class=\"wp-image-2335\" srcset=\"https:\/\/blog.yerenews.com\/wp-content\/uploads\/2026\/08\/Military-funeral-memorial-scene-admiral-saluting-widow-768x1024.png 768w, https:\/\/blog.yerenews.com\/wp-content\/uploads\/2026\/08\/Military-funeral-memorial-scene-admiral-saluting-widow-225x300.png 225w, https:\/\/blog.yerenews.com\/wp-content\/uploads\/2026\/08\/Military-funeral-memorial-scene-admiral-saluting-widow.png 816w\" sizes=\"auto, (max-width: 768px) 100vw, 768px\" \/><\/figure>\n\n\n\n<p>El ambiente qued\u00f3 completamente en silencio.<\/p>\n\n\n\n<p>Todas las miradas se dirigieron hacia m\u00ed.<\/p>\n\n\n\n<p>Mi padre parec\u00eda descubrir, por primera vez, una parte de mi vida que jam\u00e1s se hab\u00eda interesado en conocer.<\/p>\n\n\n\n<p>Antes de marcharse, el oficial se acerc\u00f3 una vez m\u00e1s.<\/p>\n\n\n\n<p>Con voz serena me dijo:<\/p>\n\n\n\n<p><strong>\u2014Su abuelo hablaba de usted con enorme orgullo. Siempre dec\u00eda que su mayor logro no hab\u00eda sido su carrera militar, sino verla convertirse en la persona que es hoy.<\/strong><\/p>\n\n\n\n<p>Aquellas palabras quedaron grabadas en mi memoria.<\/p>\n\n\n\n<p>Cuando termin\u00f3 la ceremonia y la lluvia comenz\u00f3 a caer suavemente, el funcionario volvi\u00f3 a alcanzarme.<\/p>\n\n\n\n<p>Tra\u00eda dos vasos de caf\u00e9 caliente.<\/p>\n\n\n\n<p>Despu\u00e9s sac\u00f3 un antiguo encendedor de plata que hab\u00eda pertenecido a mi abuelo y lo coloc\u00f3 en mis manos.<\/p>\n\n\n\n<p>Al darle la vuelta descubr\u00ed un peque\u00f1o papel cuidadosamente doblado.<\/p>\n\n\n\n<p>En el exterior aparec\u00eda escrito mi nombre con la inconfundible letra de mi abuelo.<\/p>\n\n\n\n<p>En ese instante comprend\u00ed que aquello no era simplemente un recuerdo familiar.<\/p>\n\n\n\n<p>Era la primera pieza de un secreto que hab\u00eda permanecido oculto durante muchos a\u00f1os.<\/p>\n\n\n\n<p><strong>Si esta historia te conmovi\u00f3, descubre lo que ocurri\u00f3 despu\u00e9s en la continuaci\u00f3n.<\/strong><\/p>\n","protected":false},"excerpt":{"rendered":"Diez a\u00f1os despu\u00e9s de marcharme de casa para convertirme en enfermera militar, regres\u00e9 a mi ciudad natal para asistir al funeral de mi \n<a class=\"moretag\" href=\"https:\/\/blog.yerenews.com\/?p=2334\"> [...]<\/a>","protected":false},"author":2,"featured_media":2335,"comment_status":"open","ping_status":"open","sticky":false,"template":"","format":"standard","meta":{"_uag_custom_page_level_css":"","footnotes":""},"categories":[1],"tags":[],"class_list":["post-2334","post","type-post","status-publish","format-standard","has-post-thumbnail","hentry","category-uncategorized"],"uagb_featured_image_src":{"full":["https:\/\/blog.yerenews.com\/wp-content\/uploads\/2026\/08\/Military-funeral-memorial-scene-admiral-saluting-widow.png",816,1088,false],"thumbnail":["https:\/\/blog.yerenews.com\/wp-content\/uploads\/2026\/08\/Military-funeral-memorial-scene-admiral-saluting-widow-150x150.png",150,150,true],"medium":["https:\/\/blog.yerenews.com\/wp-content\/uploads\/2026\/08\/Military-funeral-memorial-scene-admiral-saluting-widow-225x300.png",225,300,true],"medium_large":["https:\/\/blog.yerenews.com\/wp-content\/uploads\/2026\/08\/Military-funeral-memorial-scene-admiral-saluting-widow-768x1024.png",747,996,true],"large":["https:\/\/blog.yerenews.com\/wp-content\/uploads\/2026\/08\/Military-funeral-memorial-scene-admiral-saluting-widow-768x1024.png",747,996,true],"1536x1536":["https:\/\/blog.yerenews.com\/wp-content\/uploads\/2026\/08\/Military-funeral-memorial-scene-admiral-saluting-widow.png",816,1088,false],"2048x2048":["https:\/\/blog.yerenews.com\/wp-content\/uploads\/2026\/08\/Military-funeral-memorial-scene-admiral-saluting-widow.png",816,1088,false],"featured-slider":["https:\/\/blog.yerenews.com\/wp-content\/uploads\/2026\/08\/Military-funeral-memorial-scene-admiral-saluting-widow-752x440.png",752,440,true],"featured":["https:\/\/blog.yerenews.com\/wp-content\/uploads\/2026\/08\/Military-funeral-memorial-scene-admiral-saluting-widow-388x220.png",388,220,true],"small-thumb":["https:\/\/blog.yerenews.com\/wp-content\/uploads\/2026\/08\/Military-funeral-memorial-scene-admiral-saluting-widow-120x85.png",120,85,true]},"uagb_author_info":{"display_name":"admin","author_link":"https:\/\/blog.yerenews.com\/?author=2"},"uagb_comment_info":0,"uagb_excerpt":"Diez a\u00f1os despu\u00e9s de marcharme de casa para convertirme en enfermera militar, regres\u00e9 a mi ciudad natal para asistir al funeral de mi","_links":{"self":[{"href":"https:\/\/blog.yerenews.com\/index.php?rest_route=\/wp\/v2\/posts\/2334","targetHints":{"allow":["GET"]}}],"collection":[{"href":"https:\/\/blog.yerenews.com\/index.php?rest_route=\/wp\/v2\/posts"}],"about":[{"href":"https:\/\/blog.yerenews.com\/index.php?rest_route=\/wp\/v2\/types\/post"}],"author":[{"embeddable":true,"href":"https:\/\/blog.yerenews.com\/index.php?rest_route=\/wp\/v2\/users\/2"}],"replies":[{"embeddable":true,"href":"https:\/\/blog.yerenews.com\/index.php?rest_route=%2Fwp%2Fv2%2Fcomments&post=2334"}],"version-history":[{"count":1,"href":"https:\/\/blog.yerenews.com\/index.php?rest_route=\/wp\/v2\/posts\/2334\/revisions"}],"predecessor-version":[{"id":2336,"href":"https:\/\/blog.yerenews.com\/index.php?rest_route=\/wp\/v2\/posts\/2334\/revisions\/2336"}],"wp:featuredmedia":[{"embeddable":true,"href":"https:\/\/blog.yerenews.com\/index.php?rest_route=\/wp\/v2\/media\/2335"}],"wp:attachment":[{"href":"https:\/\/blog.yerenews.com\/index.php?rest_route=%2Fwp%2Fv2%2Fmedia&parent=2334"}],"wp:term":[{"taxonomy":"category","embeddable":true,"href":"https:\/\/blog.yerenews.com\/index.php?rest_route=%2Fwp%2Fv2%2Fcategories&post=2334"},{"taxonomy":"post_tag","embeddable":true,"href":"https:\/\/blog.yerenews.com\/index.php?rest_route=%2Fwp%2Fv2%2Ftags&post=2334"}],"curies":[{"name":"wp","href":"https:\/\/api.w.org\/{rel}","templated":true}]}}