{"id":2503,"date":"2026-08-24T19:22:02","date_gmt":"2026-08-24T19:22:02","guid":{"rendered":"https:\/\/blog.yerenews.com\/?p=2503"},"modified":"2026-08-24T19:22:03","modified_gmt":"2026-08-24T19:22:03","slug":"las-memorias-de-kamala-harris-fueron-concebidas-para-explicar-su-derrota-pero-sus-criticos-sostienen-que-en-realidad-han-abierto-interrogantes-todavia-mas-dificiles","status":"publish","type":"post","link":"https:\/\/blog.yerenews.com\/?p=2503","title":{"rendered":"Las memorias de Kamala Harris fueron concebidas para explicar su derrota, pero sus cr\u00edticos sostienen que, en realidad, han abierto interrogantes todav\u00eda m\u00e1s dif\u00edciles."},"content":{"rendered":"\n<p>Las memorias de Kamala Harris, <em>107 Days<\/em>, fueron presentadas como una oportunidad para explicar con franqueza qu\u00e9 sali\u00f3 mal durante su campa\u00f1a presidencial.<\/p>\n\n\n\n<p>Sin embargo, seg\u00fan sus cr\u00edticos, el libro termin\u00f3 abriendo un debate mucho m\u00e1s profundo.<\/p>\n\n\n\n<p>En lugar de centrarse \u00fanicamente en la duraci\u00f3n limitada de la campa\u00f1a, <em>107 Days<\/em> ha vuelto a poner sobre la mesa una pregunta dif\u00edcil: <strong>\u00bfrealmente la falta de tiempo fue el principal problema?<\/strong><\/p>\n\n\n\n<p>Los cr\u00edticos sostienen que Harris se enfrent\u00f3 a una dificultad mucho mayor: conseguir que los votantes entendieran claramente qu\u00e9 representaba su candidatura y qu\u00e9 soluciones ofrec\u00eda para los problemas que m\u00e1s les preocupaban.<\/p>\n\n\n\n<p>La econom\u00eda, la inmigraci\u00f3n, la guerra en Gaza y el cambio clim\u00e1tico exig\u00edan posiciones claras y f\u00e1ciles de entender. Pero, seg\u00fan sus detractores, la campa\u00f1a tuvo dificultades para convertir esos temas complejos en un mensaje capaz de conectar con las preocupaciones cotidianas de los ciudadanos.<\/p>\n\n\n\n<p>Las memorias tambi\u00e9n vuelven sobre varias decisiones estrat\u00e9gicas delicadas.<\/p>\n\n\n\n<p>Una de ellas estuvo relacionada con la elecci\u00f3n de posibles compa\u00f1eros de f\u00f3rmula y con las preocupaciones sobre c\u00f3mo determinadas opciones pod\u00edan ser recibidas por los votantes. Para sus cr\u00edticos, estas decisiones reflejaban una campa\u00f1a demasiado pendiente de los c\u00e1lculos pol\u00edticos y no lo suficientemente segura de su propia direcci\u00f3n.<\/p>\n\n\n\n<p>Otro desaf\u00edo importante fue la relaci\u00f3n entre Harris y la administraci\u00f3n de Joe Biden.<\/p>\n\n\n\n<p>Harris necesitaba presentarse como una candidata capaz de ofrecer algo diferente, pero al mismo tiempo deb\u00eda mantener un v\u00ednculo con la administraci\u00f3n de la que hab\u00eda formado parte.<\/p>\n\n\n\n<p>Encontrar ese equilibrio result\u00f3 complicado.<\/p>\n\n\n\n<p>Tambi\u00e9n surgieron cuestionamientos sobre la imagen p\u00fablica de la campa\u00f1a.<\/p>\n\n\n\n<p>Los cr\u00edticos han se\u00f1alado el fuerte protagonismo de las celebridades, los grandes eventos, las apariciones de alto perfil y la estrategia en redes sociales. Seg\u00fan ellos, conseguir visibilidad no era suficiente para sustituir un mensaje centrado en los problemas econ\u00f3micos que afectaban directamente a las familias trabajadoras.<\/p>\n\n\n\n<p>Ese punto se ha convertido en uno de los aspectos m\u00e1s discutidos de <em>107 Days<\/em>.<\/p>\n\n\n\n<p>Para Harris, las memorias representaban una oportunidad para explicar una campa\u00f1a que termin\u00f3 en derrota.<\/p>\n\n\n\n<p>Para sus cr\u00edticos, sin embargo, el libro termin\u00f3 planteando una cuesti\u00f3n mucho m\u00e1s inc\u00f3moda.<\/p>\n\n\n\n<p>Sostienen que la obra no explica simplemente por qu\u00e9 la campa\u00f1a tuvo tan poco tiempo.<\/p>\n\n\n\n<p>En su opini\u00f3n, tambi\u00e9n deja abierta la posibilidad de que la candidatura nunca llegara a desarrollar una identidad pol\u00edtica suficientemente clara, una estrategia s\u00f3lida y una conexi\u00f3n profunda con los votantes.<\/p>\n\n\n\n<p>Y quiz\u00e1 esa sea la pregunta m\u00e1s dif\u00edcil sobre el legado pol\u00edtico de Harris:<\/p>\n\n\n\n<p><strong>\u00bfFue realmente su derrota consecuencia de haber contado con solo 107 d\u00edas, o esos 107 d\u00edas simplemente dejaron al descubierto problemas que ya exist\u00edan desde mucho antes?<\/strong><\/p>\n","protected":false},"excerpt":{"rendered":"Las memorias de Kamala Harris, 107 Days, fueron presentadas como una oportunidad para explicar con franqueza qu\u00e9 sali\u00f3 mal durante su campa\u00f1a presidencial. \n<a class=\"moretag\" href=\"https:\/\/blog.yerenews.com\/?p=2503\"> [...]<\/a>","protected":false},"author":2,"featured_media":2504,"comment_status":"open","ping_status":"open","sticky":false,"template":"","format":"standard","meta":{"_uag_custom_page_level_css":"","footnotes":""},"categories":[1],"tags":[],"class_list":["post-2503","post","type-post","status-publish","format-standard","has-post-thumbnail","hentry","category-uncategorized"],"uagb_featured_image_src":{"full":["https:\/\/blog.yerenews.com\/wp-content\/uploads\/2026\/08\/asczxc-zxc.png",347,343,false],"thumbnail":["https:\/\/blog.yerenews.com\/wp-content\/uploads\/2026\/08\/asczxc-zxc-150x150.png",150,150,true],"medium":["https:\/\/blog.yerenews.com\/wp-content\/uploads\/2026\/08\/asczxc-zxc-300x297.png",300,297,true],"medium_large":["https:\/\/blog.yerenews.com\/wp-content\/uploads\/2026\/08\/asczxc-zxc.png",347,343,false],"large":["https:\/\/blog.yerenews.com\/wp-content\/uploads\/2026\/08\/asczxc-zxc.png",347,343,false],"1536x1536":["https:\/\/blog.yerenews.com\/wp-content\/uploads\/2026\/08\/asczxc-zxc.png",347,343,false],"2048x2048":["https:\/\/blog.yerenews.com\/wp-content\/uploads\/2026\/08\/asczxc-zxc.png",347,343,false],"featured-slider":["https:\/\/blog.yerenews.com\/wp-content\/uploads\/2026\/08\/asczxc-zxc.png",347,343,false],"featured":["https:\/\/blog.yerenews.com\/wp-content\/uploads\/2026\/08\/asczxc-zxc-347x220.png",347,220,true],"small-thumb":["https:\/\/blog.yerenews.com\/wp-content\/uploads\/2026\/08\/asczxc-zxc-120x85.png",120,85,true]},"uagb_author_info":{"display_name":"admin","author_link":"https:\/\/blog.yerenews.com\/?author=2"},"uagb_comment_info":0,"uagb_excerpt":"Las memorias de Kamala Harris, 107 Days, fueron presentadas como una oportunidad para explicar con franqueza qu\u00e9 sali\u00f3 mal durante su campa\u00f1a presidencial.","_links":{"self":[{"href":"https:\/\/blog.yerenews.com\/index.php?rest_route=\/wp\/v2\/posts\/2503","targetHints":{"allow":["GET"]}}],"collection":[{"href":"https:\/\/blog.yerenews.com\/index.php?rest_route=\/wp\/v2\/posts"}],"about":[{"href":"https:\/\/blog.yerenews.com\/index.php?rest_route=\/wp\/v2\/types\/post"}],"author":[{"embeddable":true,"href":"https:\/\/blog.yerenews.com\/index.php?rest_route=\/wp\/v2\/users\/2"}],"replies":[{"embeddable":true,"href":"https:\/\/blog.yerenews.com\/index.php?rest_route=%2Fwp%2Fv2%2Fcomments&post=2503"}],"version-history":[{"count":1,"href":"https:\/\/blog.yerenews.com\/index.php?rest_route=\/wp\/v2\/posts\/2503\/revisions"}],"predecessor-version":[{"id":2505,"href":"https:\/\/blog.yerenews.com\/index.php?rest_route=\/wp\/v2\/posts\/2503\/revisions\/2505"}],"wp:featuredmedia":[{"embeddable":true,"href":"https:\/\/blog.yerenews.com\/index.php?rest_route=\/wp\/v2\/media\/2504"}],"wp:attachment":[{"href":"https:\/\/blog.yerenews.com\/index.php?rest_route=%2Fwp%2Fv2%2Fmedia&parent=2503"}],"wp:term":[{"taxonomy":"category","embeddable":true,"href":"https:\/\/blog.yerenews.com\/index.php?rest_route=%2Fwp%2Fv2%2Fcategories&post=2503"},{"taxonomy":"post_tag","embeddable":true,"href":"https:\/\/blog.yerenews.com\/index.php?rest_route=%2Fwp%2Fv2%2Ftags&post=2503"}],"curies":[{"name":"wp","href":"https:\/\/api.w.org\/{rel}","templated":true}]}}