{"id":2596,"date":"2026-08-28T17:48:37","date_gmt":"2026-08-28T17:48:37","guid":{"rendered":"https:\/\/blog.yerenews.com\/?p=2596"},"modified":"2026-08-28T17:48:37","modified_gmt":"2026-08-28T17:48:37","slug":"la-salud-del-rey-carlos-iii-lo-que-se-sabe-y-el-gran-detalle-que-sigue-siendo-un-misterio","status":"publish","type":"post","link":"https:\/\/blog.yerenews.com\/?p=2596","title":{"rendered":"La salud del rey Carlos III: lo que se sabe y el gran detalle que sigue siendo un misterio"},"content":{"rendered":"\n<p>La salud del rey Carlos III ha estado bajo una enorme atenci\u00f3n p\u00fablica desde que el Palacio de Buckingham confirm\u00f3 en febrero de 2024 que el monarca hab\u00eda sido diagnosticado con c\u00e1ncer.<\/p>\n\n\n\n<p>Desde entonces, han circulado en internet numerosas especulaciones, teor\u00edas y supuestas revelaciones sobre su estado de salud. Sin embargo, algunos de los detalles m\u00e9dicos m\u00e1s importantes nunca han sido dados a conocer oficialmente. Entre ellos destaca una pregunta que sigue sin respuesta: <strong>\u00bfqu\u00e9 tipo exacto de c\u00e1ncer padece el rey?<\/strong><\/p>\n\n\n\n<h3 class=\"wp-block-heading\">Lo que confirm\u00f3 el Palacio de Buckingham<\/h3>\n\n\n\n<p>El diagn\u00f3stico se produjo mientras Carlos recib\u00eda tratamiento por un agrandamiento de la pr\u00f3stata a comienzos de 2024.<\/p>\n\n\n\n<p>Durante ese proceso m\u00e9dico, los especialistas detectaron otro problema que requer\u00eda m\u00e1s estudios. Posteriormente, las pruebas confirmaron que el monarca ten\u00eda c\u00e1ncer.<\/p>\n\n\n\n<p>El Palacio de Buckingham hizo entonces una aclaraci\u00f3n importante: <strong>el c\u00e1ncer no estaba relacionado con la afecci\u00f3n de la pr\u00f3stata por la que Carlos hab\u00eda sido tratado inicialmente.<\/strong><\/p>\n\n\n\n<p>Despu\u00e9s de conocer el diagn\u00f3stico, el rey comenz\u00f3 su tratamiento y redujo temporalmente algunas de sus actividades p\u00fablicas. A pesar de ello, continu\u00f3 desempe\u00f1ando sus responsabilidades constitucionales y manteniendo varios compromisos oficiales.<\/p>\n\n\n\n<p>El Palacio tambi\u00e9n explic\u00f3 que Carlos hab\u00eda decidido hablar p\u00fablicamente de su enfermedad, entre otras razones, para aumentar la concienciaci\u00f3n sobre el c\u00e1ncer y evitar especulaciones innecesarias sobre su estado.<\/p>\n\n\n\n<h3 class=\"wp-block-heading\">El tipo de c\u00e1ncer nunca se ha revelado oficialmente<\/h3>\n\n\n\n<p>Uno de los aspectos m\u00e1s importantes del caso es tambi\u00e9n uno de los que m\u00e1s preguntas ha generado.<\/p>\n\n\n\n<p><strong>El Palacio de Buckingham nunca ha confirmado p\u00fablicamente qu\u00e9 tipo concreto de c\u00e1ncer fue diagnosticado al rey Carlos III.<\/strong><\/p>\n\n\n\n<p>Por ello, muchas de las afirmaciones que aparecen en redes sociales y p\u00e1ginas web no deben confundirse con informaci\u00f3n m\u00e9dica confirmada.<\/p>\n\n\n\n<p>Tambi\u00e9n han circulado rumores seg\u00fan los cuales Carlos y Catherine, princesa de Gales, habr\u00edan recibido un diagn\u00f3stico del mismo tipo de c\u00e1ncer.<\/p>\n\n\n\n<p>Sin embargo, <strong>no existe una confirmaci\u00f3n oficial que respalde esa afirmaci\u00f3n.<\/strong><\/p>\n\n\n\n<p>Catherine anunci\u00f3 en marzo de 2024 que, despu\u00e9s de una cirug\u00eda abdominal, los m\u00e9dicos hab\u00edan descubierto la presencia de c\u00e1ncer. Posteriormente comenz\u00f3 un tratamiento de quimioterapia preventiva.<\/p>\n\n\n\n<p>Al igual que en el caso del rey, el tipo espec\u00edfico de c\u00e1ncer que afect\u00f3 a Catherine tampoco fue revelado p\u00fablicamente.<\/p>\n\n\n\n<p>Por eso, cualquier similitud entre ambos casos debe considerarse \u00fanicamente como una posibilidad no confirmada y no como un hecho establecido.<\/p>\n\n\n\n<h3 class=\"wp-block-heading\">Un per\u00edodo especialmente dif\u00edcil para la Familia Real<\/h3>\n\n\n\n<p>Los problemas de salud que afectaron al rey y a la princesa de Gales ocurrieron en un per\u00edodo relativamente corto, creando una situaci\u00f3n especialmente complicada para la Familia Real brit\u00e1nica.<\/p>\n\n\n\n<p>El pr\u00edncipe William modific\u00f3 parte de su agenda para poder apoyar a Catherine y cuidar de su familia. Con el paso del tiempo, comenz\u00f3 a recuperar progresivamente una mayor cantidad de compromisos oficiales.<\/p>\n\n\n\n<p>Tanto Carlos como Catherine fueron retomando poco a poco sus apariciones p\u00fablicas a medida que avanzaban sus respectivos tratamientos.<\/p>\n\n\n\n<p>Durante todo este per\u00edodo, la Familia Real insisti\u00f3 en la importancia de respetar la privacidad de la informaci\u00f3n m\u00e9dica personal.<\/p>\n\n\n\n<p>Y esa diferencia es fundamental. Que una persona sea una figura p\u00fablica no significa que todos los detalles de su salud tengan que hacerse p\u00fablicos.<\/p>\n\n\n\n<h3 class=\"wp-block-heading\">Carlos continu\u00f3 cumpliendo sus funciones como rey<\/h3>\n\n\n\n<p>El diagn\u00f3stico de c\u00e1ncer no impidi\u00f3 que Carlos continuara ejerciendo sus responsabilidades como monarca.<\/p>\n\n\n\n<p>Aunque su agenda p\u00fablica fue reducida durante un tiempo, posteriormente comenz\u00f3 a retomar sus compromisos oficiales. Volvi\u00f3 a reunirse con representantes de distintas organizaciones, participar en actos p\u00fablicos y cumplir numerosas obligaciones institucionales.<\/p>\n\n\n\n<p>A finales de 2025, el rey tambi\u00e9n habl\u00f3 de manera positiva sobre la evoluci\u00f3n de su tratamiento. Sus comentarios indicaron que los avances logrados despu\u00e9s del diagn\u00f3stico y la atenci\u00f3n m\u00e9dica permitir\u00edan realizar algunos ajustes en su programa de tratamiento durante 2026.<\/p>\n\n\n\n<p>Carlos tambi\u00e9n ha continuado participando en importantes actividades reales y ben\u00e9ficas, incluidas iniciativas relacionadas con la concienciaci\u00f3n sobre el c\u00e1ncer y el apoyo a quienes padecen esta enfermedad.<\/p>\n\n\n\n<h3 class=\"wp-block-heading\">La concienciaci\u00f3n sobre el c\u00e1ncer ha adquirido un significado especial para Carlos<\/h3>\n\n\n\n<p>Desde que hizo p\u00fablica su propia experiencia, el rey ha utilizado cada vez m\u00e1s su posici\u00f3n para llamar la atenci\u00f3n sobre la importancia de la detecci\u00f3n temprana, la prevenci\u00f3n y la investigaci\u00f3n contra el c\u00e1ncer.<\/p>\n\n\n\n<p>Carlos y la reina Camila han mantenido encuentros con pacientes, profesionales sanitarios, investigadores y representantes de organizaciones dedicadas a la atenci\u00f3n oncol\u00f3gica.<\/p>\n\n\n\n<p>A trav\u00e9s de estas actividades, el monarca ha destacado la importancia de conocer los riesgos, realizar los controles m\u00e9dicos adecuados y consultar con profesionales de la salud cuando aparecen s\u00edntomas preocupantes.<\/p>\n\n\n\n<p>Su decisi\u00f3n de hablar p\u00fablicamente sobre su diagn\u00f3stico fue especialmente significativa debido a la tradicional reserva con la que se han tratado los asuntos m\u00e9dicos de los miembros de la Familia Real brit\u00e1nica.<\/p>\n\n\n\n<h3 class=\"wp-block-heading\">\u00bfQu\u00e9 est\u00e1 confirmado y qu\u00e9 sigue sin saberse?<\/h3>\n\n\n\n<p>Existe una diferencia muy clara entre los datos confirmados oficialmente por la Familia Real y las afirmaciones que circulan por internet.<\/p>\n\n\n\n<p>Est\u00e1 confirmado que <strong>el rey Carlos III fue diagnosticado con c\u00e1ncer en 2024 y posteriormente recibi\u00f3 tratamiento m\u00e9dico.<\/strong><\/p>\n\n\n\n<p>Tambi\u00e9n est\u00e1 confirmado que Catherine, princesa de Gales, tuvo que someterse a tratamiento despu\u00e9s de recibir su propio diagn\u00f3stico de c\u00e1ncer.<\/p>\n\n\n\n<p>Lo que <strong>no ha sido confirmado oficialmente<\/strong> es el tipo exacto de c\u00e1ncer que afect\u00f3 a cualquiera de los dos.<\/p>\n\n\n\n<p>Por esa raz\u00f3n, las publicaciones que aseguran haber descubierto una supuesta enfermedad secreta del rey deben analizarse con mucha cautela, especialmente cuando no presentan una declaraci\u00f3n oficial o una fuente realmente fiable.<\/p>\n\n\n\n<h3 class=\"wp-block-heading\">La realidad detr\u00e1s de los rumores<\/h3>\n\n\n\n<p>La conclusi\u00f3n m\u00e1s responsable es sencilla.<\/p>\n\n\n\n<p><strong>El rey Carlos III ha reconocido p\u00fablicamente que fue diagnosticado con c\u00e1ncer, ha recibido tratamiento y ha continuado desempe\u00f1ando muchas de sus funciones como monarca mientras permanece bajo atenci\u00f3n m\u00e9dica.<\/strong><\/p>\n\n\n\n<p>M\u00e1s all\u00e1 de esos datos confirmados, gran parte de su informaci\u00f3n m\u00e9dica contin\u00faa perteneciendo al \u00e1mbito privado.<\/p>\n\n\n\n<p>Y mientras el Palacio de Buckingham, el propio rey Carlos o una fuente verdaderamente autorizada no proporcionen nuevos detalles, cualquier teor\u00eda sobre el tipo de c\u00e1ncer debe seguir consider\u00e1ndose simplemente una especulaci\u00f3n.<\/p>\n\n\n\n<p>En un tema tan delicado como la salud, distinguir entre <strong>hechos comprobados y rumores<\/strong> sigue siendo m\u00e1s importante que cualquier supuesto dato exclusivo.<\/p>\n","protected":false},"excerpt":{"rendered":"La salud del rey Carlos III ha estado bajo una enorme atenci\u00f3n p\u00fablica desde que el Palacio de Buckingham confirm\u00f3 en febrero de \n<a class=\"moretag\" href=\"https:\/\/blog.yerenews.com\/?p=2596\"> [...]<\/a>","protected":false},"author":2,"featured_media":0,"comment_status":"open","ping_status":"open","sticky":false,"template":"","format":"standard","meta":{"_uag_custom_page_level_css":"","footnotes":""},"categories":[1],"tags":[],"class_list":["post-2596","post","type-post","status-publish","format-standard","hentry","category-uncategorized"],"uagb_featured_image_src":{"full":false,"thumbnail":false,"medium":false,"medium_large":false,"large":false,"1536x1536":false,"2048x2048":false,"featured-slider":false,"featured":false,"small-thumb":false},"uagb_author_info":{"display_name":"admin","author_link":"https:\/\/blog.yerenews.com\/?author=2"},"uagb_comment_info":0,"uagb_excerpt":"La salud del rey Carlos III ha estado bajo una enorme atenci\u00f3n p\u00fablica desde que el Palacio de Buckingham confirm\u00f3 en febrero de","_links":{"self":[{"href":"https:\/\/blog.yerenews.com\/index.php?rest_route=\/wp\/v2\/posts\/2596","targetHints":{"allow":["GET"]}}],"collection":[{"href":"https:\/\/blog.yerenews.com\/index.php?rest_route=\/wp\/v2\/posts"}],"about":[{"href":"https:\/\/blog.yerenews.com\/index.php?rest_route=\/wp\/v2\/types\/post"}],"author":[{"embeddable":true,"href":"https:\/\/blog.yerenews.com\/index.php?rest_route=\/wp\/v2\/users\/2"}],"replies":[{"embeddable":true,"href":"https:\/\/blog.yerenews.com\/index.php?rest_route=%2Fwp%2Fv2%2Fcomments&post=2596"}],"version-history":[{"count":1,"href":"https:\/\/blog.yerenews.com\/index.php?rest_route=\/wp\/v2\/posts\/2596\/revisions"}],"predecessor-version":[{"id":2597,"href":"https:\/\/blog.yerenews.com\/index.php?rest_route=\/wp\/v2\/posts\/2596\/revisions\/2597"}],"wp:attachment":[{"href":"https:\/\/blog.yerenews.com\/index.php?rest_route=%2Fwp%2Fv2%2Fmedia&parent=2596"}],"wp:term":[{"taxonomy":"category","embeddable":true,"href":"https:\/\/blog.yerenews.com\/index.php?rest_route=%2Fwp%2Fv2%2Fcategories&post=2596"},{"taxonomy":"post_tag","embeddable":true,"href":"https:\/\/blog.yerenews.com\/index.php?rest_route=%2Fwp%2Fv2%2Ftags&post=2596"}],"curies":[{"name":"wp","href":"https:\/\/api.w.org\/{rel}","templated":true}]}}