{"id":2689,"date":"2026-09-02T16:18:23","date_gmt":"2026-09-02T16:18:23","guid":{"rendered":"https:\/\/blog.yerenews.com\/?p=2689"},"modified":"2026-09-02T16:18:24","modified_gmt":"2026-09-02T16:18:24","slug":"el-tratamiento-contra-el-cancer-del-rey-carlos-iii-que-se-ha-confirmado-oficialmente-y-que-informacion-sigue-siendo-privada","status":"publish","type":"post","link":"https:\/\/blog.yerenews.com\/?p=2689","title":{"rendered":"El tratamiento contra el c\u00e1ncer del rey Carlos III: qu\u00e9 se ha confirmado oficialmente y qu\u00e9 informaci\u00f3n sigue siendo privada"},"content":{"rendered":"\n<p>La salud del rey Carlos III contin\u00faa despertando un enorme inter\u00e9s p\u00fablico desde que el Palacio de Buckingham anunci\u00f3, en febrero de 2024, que el monarca hab\u00eda sido diagnosticado con una forma de c\u00e1ncer.<\/p>\n\n\n\n<p>M\u00e1s de dos a\u00f1os despu\u00e9s de aquel anuncio, existe un detalle fundamental que sigue sin cambiar: la Casa Real brit\u00e1nica no ha revelado p\u00fablicamente qu\u00e9 tipo espec\u00edfico de c\u00e1ncer padece el rey.<\/p>\n\n\n\n<p>Esta precisi\u00f3n resulta especialmente importante porque, cuando se trata de la salud de miembros de la familia real, los rumores y las especulaciones pueden terminar present\u00e1ndose err\u00f3neamente como informaci\u00f3n m\u00e9dica confirmada.<\/p>\n\n\n\n<h2 class=\"wp-block-heading\">El anuncio que lleg\u00f3 en febrero de 2024<\/h2>\n\n\n\n<p>A comienzos de 2024, Carlos III se someti\u00f3 a un procedimiento hospitalario relacionado con un agrandamiento benigno de la pr\u00f3stata. Fue durante ese periodo cuando los m\u00e9dicos detectaron otro problema de salud que requer\u00eda estudios adicionales.<\/p>\n\n\n\n<p>Las pruebas posteriores confirmaron la presencia de una forma de c\u00e1ncer.<\/p>\n\n\n\n<p>Desde el principio, el Palacio de Buckingham dej\u00f3 claro que el diagn\u00f3stico oncol\u00f3gico correspond\u00eda a una cuesti\u00f3n m\u00e9dica diferente del problema benigno de pr\u00f3stata por el que el monarca hab\u00eda recibido tratamiento inicialmente.<\/p>\n\n\n\n<p>Tras conocerse el diagn\u00f3stico, Carlos comenz\u00f3 un programa regular de tratamiento. Siguiendo las recomendaciones de sus m\u00e9dicos, redujo temporalmente sus compromisos p\u00fablicos.<\/p>\n\n\n\n<p>Sin embargo, el rey no dej\u00f3 de trabajar por completo.<\/p>\n\n\n\n<p>Durante ese periodo continu\u00f3 atendiendo asuntos de Estado, revisando documentaci\u00f3n oficial y cumpliendo aquellas responsabilidades constitucionales que pod\u00eda desempe\u00f1ar sin necesidad de asistir personalmente a actos p\u00fablicos.<\/p>\n\n\n\n<p>El Palacio explic\u00f3 tambi\u00e9n que Carlos hab\u00eda decidido hacer p\u00fablica su enfermedad, entre otras razones, para reducir las especulaciones y contribuir a una mayor concienciaci\u00f3n sobre el c\u00e1ncer.<\/p>\n\n\n\n<h2 class=\"wp-block-heading\">\u00bfQu\u00e9 tipo de c\u00e1ncer tiene el rey Carlos III?<\/h2>\n\n\n\n<p>La respuesta exacta contin\u00faa perteneciendo al \u00e1mbito privado.<\/p>\n\n\n\n<p>El Palacio de Buckingham ha confirmado que el monarca fue diagnosticado con c\u00e1ncer, pero nunca ha identificado p\u00fablicamente la forma concreta de la enfermedad.<\/p>\n\n\n\n<p>Por ese motivo, cualquier publicaci\u00f3n en internet que asegure conocer con certeza el tipo espec\u00edfico de c\u00e1ncer de Carlos III debe tratarse con cautela mientras no exista una nueva declaraci\u00f3n oficial que respalde esa informaci\u00f3n.<\/p>\n\n\n\n<p>La misma prudencia resulta necesaria al hablar de Catherine, princesa de Gales.<\/p>\n\n\n\n<p>En 2024, Catherine explic\u00f3 p\u00fablicamente que, despu\u00e9s de una cirug\u00eda abdominal, unas pruebas posteriores hab\u00edan detectado c\u00e1ncer y que estaba recibiendo quimioterapia preventiva.<\/p>\n\n\n\n<p>Tampoco en su caso se hizo p\u00fablico el tipo exacto de c\u00e1ncer.<\/p>\n\n\n\n<p>Por lo tanto, no existe una base oficialmente verificada que permita afirmar como un hecho que Carlos III y Catherine hayan padecido exactamente la misma enfermedad oncol\u00f3gica.<\/p>\n\n\n\n<h2 class=\"wp-block-heading\">El regreso gradual del rey a la vida p\u00fablica<\/h2>\n\n\n\n<p>Mientras continuaba con su tratamiento, Carlos III comenz\u00f3 progresivamente a recuperar sus compromisos p\u00fablicos.<\/p>\n\n\n\n<p>En abril de 2024, el Palacio de Buckingham anunci\u00f3 que el monarca volver\u00eda a participar en actividades p\u00fablicas despu\u00e9s de un periodo dedicado al tratamiento y la recuperaci\u00f3n.<\/p>\n\n\n\n<p>Uno de sus primeros compromisos importantes tras aquel regreso fue una visita, acompa\u00f1ado por la reina Camilla, al University College Hospital Macmillan Cancer Centre.<\/p>\n\n\n\n<p>Durante la jornada, Carlos convers\u00f3 con pacientes y profesionales sanitarios y conoci\u00f3 algunos de los avances relacionados con el diagn\u00f3stico y el tratamiento del c\u00e1ncer.<\/p>\n\n\n\n<p>Con el paso del tiempo, su agenda oficial fue ampli\u00e1ndose nuevamente, aunque la atenci\u00f3n m\u00e9dica continu\u00f3 formando parte de su rutina.<\/p>\n\n\n\n<p>Durante 2025 y 2026, el rey volvi\u00f3 a participar en numerosas visitas, reuniones, ceremonias y grandes acontecimientos relacionados con sus responsabilidades como jefe de Estado.<\/p>\n\n\n\n<h2 class=\"wp-block-heading\">Una noticia alentadora sobre la evoluci\u00f3n de su tratamiento<\/h2>\n\n\n\n<p>Uno de los avances p\u00fablicos m\u00e1s relevantes se conoci\u00f3 en diciembre de 2025.<\/p>\n\n\n\n<p>En un mensaje personal de apoyo a Stand Up To Cancer, Carlos III habl\u00f3 sobre su propia experiencia con la enfermedad y destac\u00f3 especialmente la importancia de detectar el c\u00e1ncer en sus primeras etapas.<\/p>\n\n\n\n<p>El monarca explic\u00f3 que la detecci\u00f3n temprana, una intervenci\u00f3n m\u00e9dica eficaz y el cumplimiento de las recomendaciones de sus m\u00e9dicos le hab\u00edan permitido mantener una vida activa mientras segu\u00eda recibiendo tratamiento.<\/p>\n\n\n\n<p>En aquel mensaje tambi\u00e9n comparti\u00f3 una noticia positiva: su calendario de tratamiento podr\u00eda reducirse con la llegada del nuevo a\u00f1o.<\/p>\n\n\n\n<p>En otras palabras, durante 2026 ser\u00eda posible disminuir la frecuencia de las sesiones o intervenciones m\u00e9dicas previstas.<\/p>\n\n\n\n<p>Sin embargo, esto no significaba que el c\u00e1ncer hubiera desaparecido por completo ni que todo el tratamiento hubiese finalizado.<\/p>\n\n\n\n<p>La diferencia es importante.<\/p>\n\n\n\n<p>La noticia indicaba una evoluci\u00f3n favorable, pero no fue presentada oficialmente como una declaraci\u00f3n de que el rey estuviera completamente libre de c\u00e1ncer.<\/p>\n\n\n\n<h2 class=\"wp-block-heading\">La lucha contra el c\u00e1ncer adquiere un significado m\u00e1s personal<\/h2>\n\n\n\n<p>Desde que recibi\u00f3 su diagn\u00f3stico, Carlos III ha relacionado todav\u00eda m\u00e1s su actividad p\u00fablica con la concienciaci\u00f3n, la prevenci\u00f3n y la investigaci\u00f3n contra el c\u00e1ncer.<\/p>\n\n\n\n<p>En diferentes ocasiones ha destacado el trabajo realizado por m\u00e9dicos, investigadores, enfermeros, voluntarios y familiares que acompa\u00f1an diariamente a las personas que viven con la enfermedad.<\/p>\n\n\n\n<p>Tambi\u00e9n ha insistido en la importancia de detectar el c\u00e1ncer de manera temprana y de participar en los programas de cribado adecuados cuando corresponda.<\/p>\n\n\n\n<p>Su relaci\u00f3n con organizaciones dedicadas a esta causa, sin embargo, comenz\u00f3 mucho antes de su propia enfermedad.<\/p>\n\n\n\n<p>Carlos mantiene desde hace a\u00f1os v\u00ednculos con instituciones relacionadas con el apoyo a pacientes oncol\u00f3gicos, entre ellas Macmillan Cancer Support. Adem\u00e1s, en 2024 asumi\u00f3 el papel de Patron de Cancer Research UK.<\/p>\n\n\n\n<p>Su propia experiencia como paciente ha a\u00f1adido inevitablemente una dimensi\u00f3n mucho m\u00e1s personal a este trabajo.<\/p>\n\n\n\n<h2 class=\"wp-block-heading\">Carlos III mantuvo una agenda activa durante 2026<\/h2>\n\n\n\n<p>Los compromisos desarrollados por el rey durante 2026 tambi\u00e9n muestran que ha seguido desempe\u00f1ando sus funciones mientras contin\u00faa gestionando su salud.<\/p>\n\n\n\n<p>En mayo de 2026, Carlos visit\u00f3 el Guy\u2019s Cancer Centre de Londres, donde convers\u00f3 con pacientes, m\u00e9dicos e investigadores y recibi\u00f3 informaci\u00f3n sobre nuevos avances relacionados con la investigaci\u00f3n y los tratamientos contra el c\u00e1ncer.<\/p>\n\n\n\n<p>Tambi\u00e9n realiz\u00f3 una visita al renovado Macmillan Cancer Centre del York Hospital.<\/p>\n\n\n\n<p>Un mes despu\u00e9s, en junio de 2026, el rey y la reina Camilla ofrecieron una recepci\u00f3n en St James\u2019s Palace con motivo del 125.\u00ba aniversario de Cancer Research UK.<\/p>\n\n\n\n<p>Entre los asistentes se encontraban investigadores, profesionales sanitarios, voluntarios y otras personas vinculadas a la prevenci\u00f3n, el diagn\u00f3stico, la investigaci\u00f3n y el tratamiento de enfermedades oncol\u00f3gicas.<\/p>\n\n\n\n<p>Estas apariciones reflejan que el apoyo a los pacientes y el impulso de la investigaci\u00f3n contra el c\u00e1ncer siguen ocupando un lugar relevante dentro de la actividad p\u00fablica del monarca.<\/p>\n\n\n\n<h2 class=\"wp-block-heading\">\u00bfQu\u00e9 est\u00e1 realmente confirmado hasta ahora?<\/h2>\n\n\n\n<p>La informaci\u00f3n disponible puede resumirse de manera clara y prudente.<\/p>\n\n\n\n<p>Carlos III fue diagnosticado en 2024 con una forma de c\u00e1ncer despu\u00e9s de que los m\u00e9dicos detectaran un problema separado durante el periodo relacionado con su tratamiento por un agrandamiento benigno de pr\u00f3stata.<\/p>\n\n\n\n<p>Despu\u00e9s del diagn\u00f3stico comenz\u00f3 un programa regular de tratamiento y redujo temporalmente sus apariciones p\u00fablicas, aunque sigui\u00f3 cumpliendo con sus obligaciones constitucionales y oficiales.<\/p>\n\n\n\n<p>Posteriormente fue recuperando de manera progresiva una agenda p\u00fablica m\u00e1s amplia.<\/p>\n\n\n\n<p>En diciembre de 2025, el propio monarca comunic\u00f3 que la evoluci\u00f3n favorable de su situaci\u00f3n permitir\u00eda reducir su calendario de tratamiento durante 2026.<\/p>\n\n\n\n<p>A lo largo de 2026 ha continuado apareciendo p\u00fablicamente y desempe\u00f1ando numerosos compromisos oficiales.<\/p>\n\n\n\n<p>Sin embargo, existe un dato que contin\u00faa sin hacerse p\u00fablico: el Palacio de Buckingham no ha revelado cu\u00e1l es el tipo exacto de c\u00e1ncer diagnosticado al rey.<\/p>\n\n\n\n<p>Por esta raz\u00f3n, las publicaciones, v\u00eddeos o mensajes en redes sociales que aseguren conocer una supuesta diagnosis secreta deben considerarse con precauci\u00f3n, salvo que esa informaci\u00f3n est\u00e9 respaldada por una nueva comunicaci\u00f3n oficial del Palacio de Buckingham o por otra fuente verdaderamente autorizada.<\/p>\n\n\n\n<p>Por ahora, la forma m\u00e1s precisa de describir la situaci\u00f3n es tambi\u00e9n la m\u00e1s sencilla:<\/p>\n\n\n\n<p>El rey Carlos III contin\u00faa recibiendo la atenci\u00f3n m\u00e9dica correspondiente mientras mantiene un papel activo tanto en la vida p\u00fablica como en sus responsabilidades constitucionales. Los detalles espec\u00edficos sobre la naturaleza de su diagn\u00f3stico siguen perteneciendo a su esfera m\u00e9dica privada.<\/p>\n","protected":false},"excerpt":{"rendered":"La salud del rey Carlos III contin\u00faa despertando un enorme inter\u00e9s p\u00fablico desde que el Palacio de Buckingham anunci\u00f3, en febrero de 2024, \n<a class=\"moretag\" href=\"https:\/\/blog.yerenews.com\/?p=2689\"> [...]<\/a>","protected":false},"author":2,"featured_media":0,"comment_status":"open","ping_status":"open","sticky":false,"template":"","format":"standard","meta":{"_uag_custom_page_level_css":"","footnotes":""},"categories":[1],"tags":[],"class_list":["post-2689","post","type-post","status-publish","format-standard","hentry","category-uncategorized"],"uagb_featured_image_src":{"full":false,"thumbnail":false,"medium":false,"medium_large":false,"large":false,"1536x1536":false,"2048x2048":false,"featured-slider":false,"featured":false,"small-thumb":false},"uagb_author_info":{"display_name":"admin","author_link":"https:\/\/blog.yerenews.com\/?author=2"},"uagb_comment_info":0,"uagb_excerpt":"La salud del rey Carlos III contin\u00faa despertando un enorme inter\u00e9s p\u00fablico desde que el Palacio de Buckingham anunci\u00f3, en febrero de 2024,","_links":{"self":[{"href":"https:\/\/blog.yerenews.com\/index.php?rest_route=\/wp\/v2\/posts\/2689","targetHints":{"allow":["GET"]}}],"collection":[{"href":"https:\/\/blog.yerenews.com\/index.php?rest_route=\/wp\/v2\/posts"}],"about":[{"href":"https:\/\/blog.yerenews.com\/index.php?rest_route=\/wp\/v2\/types\/post"}],"author":[{"embeddable":true,"href":"https:\/\/blog.yerenews.com\/index.php?rest_route=\/wp\/v2\/users\/2"}],"replies":[{"embeddable":true,"href":"https:\/\/blog.yerenews.com\/index.php?rest_route=%2Fwp%2Fv2%2Fcomments&post=2689"}],"version-history":[{"count":1,"href":"https:\/\/blog.yerenews.com\/index.php?rest_route=\/wp\/v2\/posts\/2689\/revisions"}],"predecessor-version":[{"id":2690,"href":"https:\/\/blog.yerenews.com\/index.php?rest_route=\/wp\/v2\/posts\/2689\/revisions\/2690"}],"wp:attachment":[{"href":"https:\/\/blog.yerenews.com\/index.php?rest_route=%2Fwp%2Fv2%2Fmedia&parent=2689"}],"wp:term":[{"taxonomy":"category","embeddable":true,"href":"https:\/\/blog.yerenews.com\/index.php?rest_route=%2Fwp%2Fv2%2Fcategories&post=2689"},{"taxonomy":"post_tag","embeddable":true,"href":"https:\/\/blog.yerenews.com\/index.php?rest_route=%2Fwp%2Fv2%2Ftags&post=2689"}],"curies":[{"name":"wp","href":"https:\/\/api.w.org\/{rel}","templated":true}]}}